{"id":845,"date":"2015-12-04T11:26:18","date_gmt":"2015-12-04T11:26:18","guid":{"rendered":"http:\/\/metrica6.es\/?p=845"},"modified":"2023-05-08T13:06:11","modified_gmt":"2023-05-08T11:06:11","slug":"el-dispositivo-ness-se-presenta-en-evencasa","status":"publish","type":"post","link":"https:\/\/metrica6.xyz\/es\/el-dispositivo-ness-se-presenta-en-evencasa\/","title":{"rendered":"El dispositivo NESS se presenta en EVENCASA"},"content":{"rendered":"<p>Durante los d\u00edas\u00a0<strong>3 y 4 de diciembre<\/strong>\u00a0<strong>el Centro Cultural \u201cLa Almona\u201d<\/strong>\u00a0del municipio sevillano de Dos Hermanas acogi\u00f3 un encuentro pionero en la provincia llamado <strong>\u2018<a href=\"http:\/\/evencasa.es\/\">Evencasa<\/a>\u2019.<\/strong>\u00a0Promovido por el\u00a0<strong><a href=\"http:\/\/www.tixe.es\/\">Club Tecnol\u00f3gico Tixe<\/a><\/strong>\u00a0y coordinado por doce empresas que trabajaron en la organizaci\u00f3n, la iniciativa estuvo dedicada a dar a conocer las \u00faltimas novedades en el\u00a0<strong>sector de la construcci\u00f3n e inmobiliario<\/strong>\u00a0tanto para instituciones y profesionales como para p\u00fablico en general.<\/p>\n<p>La cita cont\u00f3 con\u00a0<strong>22 expositores<\/strong>, 18 empresas -siendo 12 de Dos Hermanas- y 4 expositores dedicados a los patrocinadores, que se ubicaron en la sala de exposiciones del Centro Cultural \u201cLa Almona\u201d, aunque\u00a0<strong>todo el recinto permaneci\u00f3 ocupado las dos jornadas por el evento<\/strong>, ya que tanto en la planta superior como en la planta baja se desarrollaron conferencias, talleres, encuentros bilaterales, entre otros.<\/p>\n<p><strong>M\u00e9trica6 <\/strong>cont\u00f3 con un stand propio en el que mostr\u00f3 a trav\u00e9s de su panel demostrativo el funcionamiento del dispositivo de ahorro de agua <a href=\"http:\/\/nesswater.com\/\">NESS<\/a> con el que se evita el desperdicio de agua y se consigue agua caliente instant\u00e1nea. Los datos perfilan que se puede llegar a un ahorro de hasta el 40% en la factura del agua; evita el despilfarro de 800 litros por persona al mes; y fomenta el cuidado del medioambiente a la par que conlleva el incremento del confort y bienestar en el hogar.<\/p>\n<p><strong>Evencasa estuvo dirigido tanto para profesionales de la construcci\u00f3n como para p\u00fablico en general<\/strong>, es por ello que se ofertaron diferentes actividades en funci\u00f3n de mostrar los trabajos de cada empresa para el p\u00fablico de la calle y otros encuentros entre profesionales con el objetivo de desarrollar sinergias y colaboraci\u00f3n entre ellas.<\/p>\n<p>\u201cEl sector de la construcci\u00f3n e inmobiliario han vivido en estos \u00faltimos a\u00f1os una de las peores crisis que se recuerdan, lo que ha tenido tambi\u00e9n un impacto muy negativo en otras muchas industrias y profesiones vinculadas. Aunque esta situaci\u00f3n nos ha servido para reflexionar y reorientar nuestros servicios, comprender cu\u00e1les son las nuevas necesidades de nuestros clientes y qu\u00e9 respuestas esperan de nosotros. En suma, <strong>Evencasa es una gran cita para mostrar todo aquello nuevo que estamos dispuestos a aportar\u201d,<\/strong>\u00a0asever\u00f3 Francisco M. Garc\u00eda, presidente del Club Tecnol\u00f3gico Tixe, durante la inauguraci\u00f3n.<\/p>\n","protected":false},"excerpt":{"rendered":"<p>Durante los d\u00edas\u00a03 y 4 de diciembre\u00a0el Centro Cultural \u201cLa Almona\u201d\u00a0del municipio sevillano de Dos Hermanas acogi\u00f3 un encuentro pionero&#8230;<\/p>\n","protected":false},"author":1,"featured_media":846,"comment_status":"closed","ping_status":"closed","sticky":false,"template":"","format":"standard","meta":{"footnotes":""},"categories":[78],"tags":[],"class_list":["post-845","post","type-post","status-publish","format-standard","has-post-thumbnail","hentry","category-sin-categoria"],"_links":{"self":[{"href":"https:\/\/metrica6.xyz\/es\/wp-json\/wp\/v2\/posts\/845","targetHints":{"allow":["GET"]}}],"collection":[{"href":"https:\/\/metrica6.xyz\/es\/wp-json\/wp\/v2\/posts"}],"about":[{"href":"https:\/\/metrica6.xyz\/es\/wp-json\/wp\/v2\/types\/post"}],"author":[{"embeddable":true,"href":"https:\/\/metrica6.xyz\/es\/wp-json\/wp\/v2\/users\/1"}],"replies":[{"embeddable":true,"href":"https:\/\/metrica6.xyz\/es\/wp-json\/wp\/v2\/comments?post=845"}],"version-history":[{"count":1,"href":"https:\/\/metrica6.xyz\/es\/wp-json\/wp\/v2\/posts\/845\/revisions"}],"predecessor-version":[{"id":7618,"href":"https:\/\/metrica6.xyz\/es\/wp-json\/wp\/v2\/posts\/845\/revisions\/7618"}],"wp:featuredmedia":[{"embeddable":true,"href":"https:\/\/metrica6.xyz\/es\/wp-json\/wp\/v2\/media\/846"}],"wp:attachment":[{"href":"https:\/\/metrica6.xyz\/es\/wp-json\/wp\/v2\/media?parent=845"}],"wp:term":[{"taxonomy":"category","embeddable":true,"href":"https:\/\/metrica6.xyz\/es\/wp-json\/wp\/v2\/categories?post=845"},{"taxonomy":"post_tag","embeddable":true,"href":"https:\/\/metrica6.xyz\/es\/wp-json\/wp\/v2\/tags?post=845"}],"curies":[{"name":"wp","href":"https:\/\/api.w.org\/{rel}","templated":true}]}}