{"id":3776,"date":"2020-07-17T07:58:23","date_gmt":"2020-07-17T05:58:23","guid":{"rendered":"http:\/\/metrica6.xyz\/?p=3776"},"modified":"2023-05-08T13:07:47","modified_gmt":"2023-05-08T11:07:47","slug":"abierto-el-programa-de-apoyo-a-la-idi","status":"publish","type":"post","link":"https:\/\/metrica6.xyz\/es\/abierto-el-programa-de-apoyo-a-la-idi\/","title":{"rendered":"Abierto el Programa de Apoyo a la I+D+I empresarial"},"content":{"rendered":"<p>Os informamos desde <a href=\"http:\/\/metrica6.xyz\/es\/\">M\u00e9trica6<\/a> que est\u00e1 abierto el Programa de Apoyo a la I+D+I empresarial con ayudas de la Agencia IDEA para\u00a0 proyectos de I+D. La <a href=\"https:\/\/www.juntadeandalucia.es\/organismos\/economiaconocimientoempresasyuniversidad\/idea\/actualidad\/noticias\/detalle\/239932.html\">convocatoria de 2020<\/a>\u00a0cuenta con una <strong>dotaci\u00f3n presupuestaria de 23 millones de euros<\/strong>.<\/p>\n<p>&nbsp;<\/p>\n<p>Este programa de apoyo y sus ayudas tienen como objetivo promover la investigaci\u00f3n y el desarrollo en el sector empresarial en Andaluc\u00eda, en estrecha colaboraci\u00f3n con otras empresas y Organismos de Investigaci\u00f3n y en el marco de las prioridades establecidas en la Estrategia de Innovaci\u00f3n Andaluc\u00eda 2020 RIS3 Andaluc\u00eda.<\/p>\n<p>&nbsp;<\/p>\n<p><strong>M\u00e9trica6 te ayuda, no solo en toda la gesti\u00f3n y tramitaci\u00f3n de la ayuda\/ subvenci\u00f3n, sino tambi\u00e9n posteriormente en el desarrollo del proyecto de innovaci\u00f3n, a trav\u00e9s de nuestra amplia gama de <a href=\"http:\/\/metrica6.xyz\/es\/los-servicios-de-metrica6\/\">servicios.<\/a><\/strong><\/p>\n<p>&nbsp;<\/p>\n<p>Los beneficiarios ser\u00e1n las empresas con centro de trabajo en la Comunidad Aut\u00f3noma de Andaluc\u00eda.<\/p>\n<p>&nbsp;<\/p>\n<p><strong>Tipos de proyecto:<\/strong><\/p>\n<p>Proyectos de Investigaci\u00f3n Industrial<\/p>\n<p>Proyectos de Desarrollo Experimental<\/p>\n<p>&nbsp;<\/p>\n<p>Podr\u00e1n presentarse individualmente o por un m\u00e1ximo de dos empresas en colaboraci\u00f3n efectiva, siendo necesario que al menos una de ellas sea PYME y ninguna de las dos empresas tenga un presupuesto superior al 70% del total.<\/p>\n<p>&nbsp;<\/p>\n<p>El <strong>tipo de ayuda<\/strong> ser\u00e1 una <strong>subvenci\u00f3n a fondo perdido<\/strong> de entre el 15 y el 55% seg\u00fan tipolog\u00eda del proyecto y tama\u00f1o de la empresa.<\/p>\n<p>&nbsp;<\/p>\n<p>El <strong>plazo de presentaci\u00f3n<\/strong> de solicitudes <strong>finalizar\u00e1 el 30 de septiembre de 2020.<\/strong><\/p>\n<p>&nbsp;<\/p>\n<p>Para valorar las propuestas de actuaci\u00f3n que opten a esta convocatoria de car\u00e1cter competitivo se tendr\u00e1 en cuenta la excelencia t\u00e9cnica del proyecto y su viabilidad t\u00e9cnica, el mercado potencial de los resultados del trabajo y sus posibilidades de explotaci\u00f3n. Tambi\u00e9n se analizar\u00e1 el impacto socio-econ\u00f3mico, su grado de adecuaci\u00f3n a los objetivos generales y espec\u00edficos del programa y de la Estrategia de Innovaci\u00f3n Andaluc\u00eda 2020, as\u00ed como la valoraci\u00f3n econ\u00f3mico-financiera del proyecto y de la persona beneficiaria.<\/p>\n","protected":false},"excerpt":{"rendered":"<p>Os informamos desde M\u00e9trica6 que est\u00e1 abierto el Programa de Apoyo a la I+D+I empresarial con ayudas de la Agencia&#8230;<\/p>\n","protected":false},"author":1,"featured_media":3777,"comment_status":"closed","ping_status":"closed","sticky":false,"template":"","format":"standard","meta":{"footnotes":""},"categories":[1],"tags":[],"class_list":["post-3776","post","type-post","status-publish","format-standard","has-post-thumbnail","hentry","category-sin-categorizar"],"_links":{"self":[{"href":"https:\/\/metrica6.xyz\/es\/wp-json\/wp\/v2\/posts\/3776","targetHints":{"allow":["GET"]}}],"collection":[{"href":"https:\/\/metrica6.xyz\/es\/wp-json\/wp\/v2\/posts"}],"about":[{"href":"https:\/\/metrica6.xyz\/es\/wp-json\/wp\/v2\/types\/post"}],"author":[{"embeddable":true,"href":"https:\/\/metrica6.xyz\/es\/wp-json\/wp\/v2\/users\/1"}],"replies":[{"embeddable":true,"href":"https:\/\/metrica6.xyz\/es\/wp-json\/wp\/v2\/comments?post=3776"}],"version-history":[{"count":1,"href":"https:\/\/metrica6.xyz\/es\/wp-json\/wp\/v2\/posts\/3776\/revisions"}],"predecessor-version":[{"id":7544,"href":"https:\/\/metrica6.xyz\/es\/wp-json\/wp\/v2\/posts\/3776\/revisions\/7544"}],"wp:featuredmedia":[{"embeddable":true,"href":"https:\/\/metrica6.xyz\/es\/wp-json\/wp\/v2\/media\/3777"}],"wp:attachment":[{"href":"https:\/\/metrica6.xyz\/es\/wp-json\/wp\/v2\/media?parent=3776"}],"wp:term":[{"taxonomy":"category","embeddable":true,"href":"https:\/\/metrica6.xyz\/es\/wp-json\/wp\/v2\/categories?post=3776"},{"taxonomy":"post_tag","embeddable":true,"href":"https:\/\/metrica6.xyz\/es\/wp-json\/wp\/v2\/tags?post=3776"}],"curies":[{"name":"wp","href":"https:\/\/api.w.org\/{rel}","templated":true}]}}