{"id":3540,"date":"2019-10-11T10:49:41","date_gmt":"2019-10-11T08:49:41","guid":{"rendered":"http:\/\/metrica6.xyz\/?p=3540"},"modified":"2023-05-08T13:02:16","modified_gmt":"2023-05-08T11:02:16","slug":"exito-de-la-jornada-gestion","status":"publish","type":"post","link":"https:\/\/metrica6.xyz\/es\/exito-de-la-jornada-gestion\/","title":{"rendered":"\u00c9xito de la jornada Gesti\u00f3n del Conocimiento"},"content":{"rendered":"<p>\u00c9xito de la jornada Gesti\u00f3n del Conocimiento. Satisfacci\u00f3n e implicaci\u00f3n. Con esas dos palabras se podr\u00eda resumir el sentir del amplio y nutrido p\u00fablico que asisti\u00f3 el pasado 10 de octubre a la jornada Gesti\u00f3n del Conocimiento en las Organizaciones, organizada por <a href=\"http:\/\/metrica6.xyz\/es\/\">M\u00e9trica6<\/a> e impartida por <a href=\"https:\/\/ica2.com\/\">ICA2<\/a> en las instalaciones de <a href=\"http:\/\/www.link.uma.es\/\">Link By UMA<\/a> en la ampliaci\u00f3n del Campus de Teatinos en M\u00e1laga.<\/p>\n<p>El evento parti\u00f3 de una pregunta que ya se anunciaba en los carteles promocionales de la jornada: \u201c\u00bfSabes c\u00f3mo traducir el conocimiento en resultados estrat\u00e9gicos y operativos?\u201d. Desde esa base se iniciaron las ponencias programadas. El primero en abrir el cartel fue el CEO de M\u00e9trica6, Eduardo Due\u00f1as, quien present\u00f3 ante los asistentes presentes una breve descripci\u00f3n de M\u00e9trica6 como empresa de ingenier\u00eda y del \u00e1mbito del I+d+i. Se hizo un repaso por los servicios de dise\u00f1o de producto, prototipado, propiedad industrial, proyectos colaborativos, estudios comerciales, dise\u00f1o, financiaci\u00f3n, etc.<\/p>\n<p>Seguidamente, fue el turno del director de Empleabilidad y Emprendimiento de la <a href=\"https:\/\/www.uma.es\/\">Universidad de M\u00e1laga,<\/a> Antonio Pe\u00f1afiel quien hizo una reflexi\u00f3n sobre el papel de la universidad en la gesti\u00f3n del conocimiento como instituci\u00f3n educativa. No cabe duda de que este tipo de organizaci\u00f3n de ense\u00f1anza supone un caldo de cultivo esencial para las generaciones venideras. Y finalmente lleg\u00f3 el turno del representante de la empresa ICA2 y responsable de proyectos, Carlos Merino, encargado de llevar a cabo la ponencia principal de la jornada. Durante su intervenci\u00f3n hizo un repaso sobre la importancia de la gesti\u00f3n del conocimiento. Tras un breve coloquio con las primeras impresiones de los asistentes se describieron diferentes casos de \u00e9xitos para llegar a un ejercicio pr\u00e1ctico en el que cada uno de los asistentes pudo hacer un diagn\u00f3stico de la situaci\u00f3n actual de sus empresas u organizaciones. El broche final vino con una puesta en com\u00fan de resultados, reflexiones y la oportunidad de poner puntos de inter\u00e9s en com\u00fan en el tiempo de networking.<\/p>\n<p>Entre los asistentes hubo representantes de distintos sectores de la Universidad de M\u00e1laga, la administraci\u00f3n p\u00fablica, empresas privadas, ONGS, organizaciones, emprendedores o estudiantes de distintas ramas. \u201cNos ha parecido una jornada muy interesante en la que hemos aprendido conceptos y t\u00e9cnicas de gesti\u00f3n de conocimiento que vamos a poder aplicar cada uno a nuestros casos\u201d, puntualiz\u00f3 uno de los asistentes.<\/p>\n","protected":false},"excerpt":{"rendered":"<p>\u00c9xito de la jornada Gesti\u00f3n del Conocimiento. Satisfacci\u00f3n e implicaci\u00f3n. Con esas dos palabras se podr\u00eda resumir el sentir del&#8230;<\/p>\n","protected":false},"author":1,"featured_media":3536,"comment_status":"closed","ping_status":"closed","sticky":false,"template":"","format":"standard","meta":{"footnotes":""},"categories":[1],"tags":[],"class_list":["post-3540","post","type-post","status-publish","format-standard","has-post-thumbnail","hentry","category-sin-categorizar"],"_links":{"self":[{"href":"https:\/\/metrica6.xyz\/es\/wp-json\/wp\/v2\/posts\/3540","targetHints":{"allow":["GET"]}}],"collection":[{"href":"https:\/\/metrica6.xyz\/es\/wp-json\/wp\/v2\/posts"}],"about":[{"href":"https:\/\/metrica6.xyz\/es\/wp-json\/wp\/v2\/types\/post"}],"author":[{"embeddable":true,"href":"https:\/\/metrica6.xyz\/es\/wp-json\/wp\/v2\/users\/1"}],"replies":[{"embeddable":true,"href":"https:\/\/metrica6.xyz\/es\/wp-json\/wp\/v2\/comments?post=3540"}],"version-history":[{"count":1,"href":"https:\/\/metrica6.xyz\/es\/wp-json\/wp\/v2\/posts\/3540\/revisions"}],"predecessor-version":[{"id":7555,"href":"https:\/\/metrica6.xyz\/es\/wp-json\/wp\/v2\/posts\/3540\/revisions\/7555"}],"wp:featuredmedia":[{"embeddable":true,"href":"https:\/\/metrica6.xyz\/es\/wp-json\/wp\/v2\/media\/3536"}],"wp:attachment":[{"href":"https:\/\/metrica6.xyz\/es\/wp-json\/wp\/v2\/media?parent=3540"}],"wp:term":[{"taxonomy":"category","embeddable":true,"href":"https:\/\/metrica6.xyz\/es\/wp-json\/wp\/v2\/categories?post=3540"},{"taxonomy":"post_tag","embeddable":true,"href":"https:\/\/metrica6.xyz\/es\/wp-json\/wp\/v2\/tags?post=3540"}],"curies":[{"name":"wp","href":"https:\/\/api.w.org\/{rel}","templated":true}]}}