{"id":171,"date":"2014-11-13T20:38:24","date_gmt":"2014-11-13T20:38:24","guid":{"rendered":"http:\/\/metrica6.es\/?p=171"},"modified":"2023-05-08T13:04:10","modified_gmt":"2023-05-08T11:04:10","slug":"premios-red-emprendeverde-13-11-2014","status":"publish","type":"post","link":"https:\/\/metrica6.xyz\/es\/premios-red-emprendeverde-13-11-2014\/","title":{"rendered":"Premios Red Emprendeverde"},"content":{"rendered":"<p>La Fundaci\u00f3n Biodiversidad, del Ministerio de Agricultura, Alimentaci\u00f3n y Medio Ambiente celebr\u00f3 ayer en Madrid la Segunda Edici\u00f3n de los Premios Red emprendeverde, que tienen como objetivo premiar a aquellos emprendedores y emprendedoras verdes que se distingan por su contribuci\u00f3n a la econom\u00eda sostenible, ayud\u00e1ndoles a crear y consolidar su empresa y reconociendo sus ideas e iniciativas.<\/p>\n<p>De los 16 finalistas entre los que se encontraba <a href=\"http:\/\/www.metrica6.es\">M\u00e9trica6<\/a> en la categor\u00eda \u2018Crece y consol\u00eddate en verde\u2019, solo cinco fueron los galardonados como mejores iniciativas emprendedoras de los Premios Red Emprendeverde, en una gala presidida por la ministra de Agricultura, Alimentaci\u00f3n y Medio Ambiente, Isabel Garc\u00eda Tejerina. El Jurado estuvo compuesto por personalidades de prestigio en el \u00e1mbito empresarial, inversi\u00f3n, financiaci\u00f3n y del emprendimiento; personas relacionadas con el desarrollo sostenible y la conservaci\u00f3n del medio natural, as\u00ed como la direcci\u00f3n de la Fundaci\u00f3n Biodiversidad.<\/p>\n<p>Los ganadores recibieron premios por valor de 6.000 y 3.000 euros -primero y segundo-, y adem\u00e1s se otorg\u00f3 un acc\u00e9sit de 6.000 euros para destacar aquella iniciativa empresarial que realiza una contribuci\u00f3n significativa a la protecci\u00f3n de la biodiversidad.<\/p>\n<p>Los Premios Redemprendeverde se desarrollan en el marco de la Red emprendeverde, promovida por la Fundaci\u00f3n Biodiversidad y cuenta con la cofinanciaci\u00f3n del Fondo Social Europeo a trav\u00e9s del Programa Operativo Adaptabilidad y Empleo 2007-2013.<\/p>\n<p><strong>GANADORES<\/strong><\/p>\n<p>-Categor\u00eda \u2018Emprende en verde\u2019<\/p>\n<p>Primer premio para Captador aerot\u00e9mico solar: un nuevo sistema de captaci\u00f3n de energ\u00eda solar t\u00e9rmico para uso dom\u00e9stico e industrial.<\/p>\n<p>Segundo premio para Pecocos: producci\u00f3n y comercializaci\u00f3n de cosm\u00e9tica ecol\u00f3gica personalizada.<\/p>\n<p>-Categor\u00eda \u2018Crece y consol\u00eddate en verde\u2019<\/p>\n<p>Primer premio para Bluemove carsharing: Nuevo servicio de movilidad colectiva que se enmarca en el consumo colaborativo y permite reducir el n\u00famero de veh\u00edculos en las ciudades.<\/p>\n<p>Segundo premio para Carton Lab: dise\u00f1o de ecosistemas en cart\u00f3n 100% reciclables, proyectos vers\u00e1tiles de interiorismo, stands para ferias, decoraci\u00f3n y expositores.<\/p>\n<p>-Acc\u00e9sit Protecci\u00f3n de la biodiversidad para La Pina dedicada a la gesti\u00f3n colectiva y sostenible de peque\u00f1os montes privados que permiten revalorizarlos y aportar ingresos a propietarios.<\/p>\n","protected":false},"excerpt":{"rendered":"<p>La Fundaci\u00f3n Biodiversidad, del Ministerio de Agricultura, Alimentaci\u00f3n y Medio Ambiente celebr\u00f3 ayer en Madrid la Segunda Edici\u00f3n de los&#8230;<\/p>\n","protected":false},"author":1,"featured_media":200,"comment_status":"closed","ping_status":"closed","sticky":false,"template":"","format":"standard","meta":{"footnotes":""},"categories":[78],"tags":[],"class_list":["post-171","post","type-post","status-publish","format-standard","has-post-thumbnail","hentry","category-sin-categoria"],"_links":{"self":[{"href":"https:\/\/metrica6.xyz\/es\/wp-json\/wp\/v2\/posts\/171","targetHints":{"allow":["GET"]}}],"collection":[{"href":"https:\/\/metrica6.xyz\/es\/wp-json\/wp\/v2\/posts"}],"about":[{"href":"https:\/\/metrica6.xyz\/es\/wp-json\/wp\/v2\/types\/post"}],"author":[{"embeddable":true,"href":"https:\/\/metrica6.xyz\/es\/wp-json\/wp\/v2\/users\/1"}],"replies":[{"embeddable":true,"href":"https:\/\/metrica6.xyz\/es\/wp-json\/wp\/v2\/comments?post=171"}],"version-history":[{"count":1,"href":"https:\/\/metrica6.xyz\/es\/wp-json\/wp\/v2\/posts\/171\/revisions"}],"predecessor-version":[{"id":7599,"href":"https:\/\/metrica6.xyz\/es\/wp-json\/wp\/v2\/posts\/171\/revisions\/7599"}],"wp:featuredmedia":[{"embeddable":true,"href":"https:\/\/metrica6.xyz\/es\/wp-json\/wp\/v2\/media\/200"}],"wp:attachment":[{"href":"https:\/\/metrica6.xyz\/es\/wp-json\/wp\/v2\/media?parent=171"}],"wp:term":[{"taxonomy":"category","embeddable":true,"href":"https:\/\/metrica6.xyz\/es\/wp-json\/wp\/v2\/categories?post=171"},{"taxonomy":"post_tag","embeddable":true,"href":"https:\/\/metrica6.xyz\/es\/wp-json\/wp\/v2\/tags?post=171"}],"curies":[{"name":"wp","href":"https:\/\/api.w.org\/{rel}","templated":true}]}}