{"id":159,"date":"2014-10-06T20:31:10","date_gmt":"2014-10-06T20:31:10","guid":{"rendered":"http:\/\/metrica6.es\/?p=159"},"modified":"2023-05-08T13:04:13","modified_gmt":"2023-05-08T11:04:13","slug":"gran-exito-de-metrica6-en-foro-greencities-06-10-2014","status":"publish","type":"post","link":"https:\/\/metrica6.xyz\/es\/gran-exito-de-metrica6-en-foro-greencities-06-10-2014\/","title":{"rendered":"Gran \u00e9xito de M\u00e9trica6 en Foro Greencities"},"content":{"rendered":"<p>La celebraci\u00f3n simult\u00e1nea del V Foro Greencities &amp; Sostenibilidad, II Foro Tikal y el XV Encuentro Iberoamericano de Ciudades Digitales, que tuvo lugar los pasados d\u00edas 2 y 3 de octubre, en el Palacio de Ferias y Congresos de M\u00e1laga (Fycma), reuni\u00f3 a m\u00e1s de 3.800 participantes -un 52 por ciento m\u00e1s que en la \u00faltima edici\u00f3n-, 242 ponentes, 60 ciudades de 18 pa\u00edses, alrededor de 600 empresas y 800 encuentros B2b. Un escenario perfecto en el que <a href=\"http:\/\/www.metrica6.es\">M\u00e9trica6<\/a> pudo presentar en sociedad su dispositivo de ahorro de agua <a href=\"http:\/\/www.nesswater.com\">Ness<\/a>.<\/p>\n<p>De este modo, M\u00e1laga consolid\u00f3 su posici\u00f3n como punto de encuentro internacional en el debate sobre las ciudades inteligentes, con especial hincapi\u00e9 en las relaciones de colaboraci\u00f3n presentes y futuras establecidas entre Espa\u00f1a y Latinoam\u00e9rica. El evento cont\u00f3 con las intervenciones de representantes municipales y t\u00e9cnicos involucrados en la gesti\u00f3n de las \u00e1reas vinculadas al modelo \u2018smart city\u2019.<\/p>\n<p>Asimismo, dichos asistentes participaron en conferencias, reuniones de trabajo con proveedores de servicios y soluciones para la ciudad. Esta cita cont\u00f3 con 20 actividades paralelas como las reuniones del Consejo Superior de Colegios de Arquitectos de Espa\u00f1a (Cscae) y el Consejo Andaluz de Colegios de Arquitectos (Cacoa) o la comisi\u00f3n de la Federaci\u00f3n Andaluza de Municipios y Provincias (FAMP), entre otras.<\/p>\n<p><strong>M\u00e9trica6<\/strong><\/p>\n<p>La empresa malague\u00f1a M\u00e9trica6 cont\u00f3 con un stand propio de 13 m2, en el que present\u00f3 su dispositivo de ahorro de agua Ness, galardonado el pasado d\u00eda 25 de septiembre como primer finalista del concurso para emprendedores \u201910 Up Corners\u2019, celebrado durante el IV Encuentro Nacional Yuzz en Madrid.<\/p>\n<p>La puesta en escena cont\u00f3 con un panel dotado de una instalaci\u00f3n de fontaner\u00eda real para demostrar el funcionamiento del dispositivo de ahorro de agua Ness, con el que se puede ahorrar hasta un 40% en el gasto de la factura, y conseguir la salida de agua caliente de forma instant\u00e1nea. Todos los visitantes pudieron comprobar en primera persona la efectividad de Ness as\u00ed como escuchar las explicaciones que ofreci\u00f3 el equipo de trabajo de M\u00e9trica6. Entre las personalidades que se acercaron al stand, destac\u00f3 el alcalde de M\u00e1laga, Francisco de la Torre, qui\u00e9n comprob\u00f3 de primera mano el funcionamiento del dispositivo. &lt;&gt;, apunt\u00f3 el alcalde.<\/p>\n<p>Medios de comunicaci\u00f3n como TVE1, RNE, Canal SUR, Onda Azul, PTV, Diario SUR o M\u00e1laga Hoy, entre otros tantos se hicieron eco de la exitosa presencia de M\u00e9trica6 en esta cita empresarial convirti\u00e9ndose en uno de los stand m\u00e1s llamativos y visitados por parte del p\u00fablico . Las redes sociales tambi\u00e9n divulgaron la presencia del dispositivo Ness en el Foro Greencities, teniendo bastante seguimiento entre los cibernautas.<\/p>\n<p>M\u00e9trica6 Ingenier\u00eda nace como una iniciativa empresarial de base tecnol\u00f3gica, fruto del trabajo y la dedicaci\u00f3n de un grupo de ingenieros emprendedores con ambici\u00f3n, conocimiento y capacidad para demostrar sus habilidades en el mercado profesional. Con mentalidad claramente innovadora, la meta es crear un servicio de I+D cercano a las necesidades de los consumidores mediante el desarrollo de productos a medida. Galardonada con el Premio Spin-Off 2013 de la Universidad de M\u00e1laga, contamos con la simplicidad y la eficacia como bandera para, a trav\u00e9s de la aplicaci\u00f3n del conocimiento t\u00e9cnico y empresarial, la creatividad orientada a la pr\u00e1ctica, la ilusi\u00f3n y la tendencia a la evoluci\u00f3n continua de nuestro servicio, hacer lo que mejor sabemos: Simplemente Ingenier\u00eda.<\/p>\n","protected":false},"excerpt":{"rendered":"<p>La celebraci\u00f3n simult\u00e1nea del V Foro Greencities &amp; Sostenibilidad, II Foro Tikal y el XV Encuentro Iberoamericano de Ciudades Digitales,&#8230;<\/p>\n","protected":false},"author":1,"featured_media":250,"comment_status":"closed","ping_status":"closed","sticky":false,"template":"","format":"standard","meta":{"footnotes":""},"categories":[1],"tags":[28,29],"class_list":["post-159","post","type-post","status-publish","format-standard","has-post-thumbnail","hentry","category-sin-categorizar","tag-eventos","tag-metrica6"],"_links":{"self":[{"href":"https:\/\/metrica6.xyz\/es\/wp-json\/wp\/v2\/posts\/159","targetHints":{"allow":["GET"]}}],"collection":[{"href":"https:\/\/metrica6.xyz\/es\/wp-json\/wp\/v2\/posts"}],"about":[{"href":"https:\/\/metrica6.xyz\/es\/wp-json\/wp\/v2\/types\/post"}],"author":[{"embeddable":true,"href":"https:\/\/metrica6.xyz\/es\/wp-json\/wp\/v2\/users\/1"}],"replies":[{"embeddable":true,"href":"https:\/\/metrica6.xyz\/es\/wp-json\/wp\/v2\/comments?post=159"}],"version-history":[{"count":1,"href":"https:\/\/metrica6.xyz\/es\/wp-json\/wp\/v2\/posts\/159\/revisions"}],"predecessor-version":[{"id":7605,"href":"https:\/\/metrica6.xyz\/es\/wp-json\/wp\/v2\/posts\/159\/revisions\/7605"}],"wp:featuredmedia":[{"embeddable":true,"href":"https:\/\/metrica6.xyz\/es\/wp-json\/wp\/v2\/media\/250"}],"wp:attachment":[{"href":"https:\/\/metrica6.xyz\/es\/wp-json\/wp\/v2\/media?parent=159"}],"wp:term":[{"taxonomy":"category","embeddable":true,"href":"https:\/\/metrica6.xyz\/es\/wp-json\/wp\/v2\/categories?post=159"},{"taxonomy":"post_tag","embeddable":true,"href":"https:\/\/metrica6.xyz\/es\/wp-json\/wp\/v2\/tags?post=159"}],"curies":[{"name":"wp","href":"https:\/\/api.w.org\/{rel}","templated":true}]}}