{"id":153,"date":"2014-09-23T20:26:54","date_gmt":"2014-09-23T20:26:54","guid":{"rendered":"http:\/\/metrica6.es\/?p=153"},"modified":"2023-05-08T13:02:52","modified_gmt":"2023-05-08T11:02:52","slug":"conversaciones-yuzz-23-09-2014","status":"publish","type":"post","link":"https:\/\/metrica6.xyz\/es\/conversaciones-yuzz-23-09-2014\/","title":{"rendered":"Conversaciones YUZZ"},"content":{"rendered":"<p>El Centro Internacional Santander Emprendimiento (CISE) y el Parque Tecnol\u00f3gico de Andaluc\u00eda (PTA) reunieron ayer a medio centenar de j\u00f3venes en un espacio de debate para emprendedores, con la participaci\u00f3n de empresarios reconocidos, tales como el director y fundador de DIMe Network y co-director de los programas digitales de la escuela de negocios ESIC, Javier Batanero, y el fundador de Cink y Business Angel, Sergio Cort\u00e9s, quienes conversaron mano a mano sobre su visi\u00f3n y experiencia emprendedora. Adem\u00e1s, M\u00e9trica6 tambi\u00e9n estuvo representada por Juan Francisco C\u00e1liz, quien comparti\u00f3 su experiencia emprendedora con los j\u00f3venes asistentes en conversaciones Yuzz.<\/p>\n<p>El Centro de Ciencia y Tecnolog\u00eda del PTA de M\u00e1laga fue el escenario escogido en Andaluc\u00eda para la celebraci\u00f3n de la sesi\u00f3n &#8216;YUZZ te invita a conversaciones con emprendedores&#8217; que ha sido<a class=\"izedispeosw\" title=\"Click to Continue &gt; by EnormouSales\" href=\"#53734891\"> programada<img decoding=\"async\" src=\"http:\/\/cdncache-a.akamaihd.net\/items\/it\/img\/arrow-10x10.png\" alt=\"\" \/><\/a> en otras seis ciudades de la pen\u00ednsula hasta el mes de noviembre.<\/p>\n<p>El evento presidido por Felipe Romera, director del PTA, cont\u00f3 con la participaci\u00f3n de Isabel L. Rubio, fundadora de la empresa Ilatela y ganadora del tercer<a class=\"izedispeosw\" title=\"Click to Continue &gt; by EnormouSales\" href=\"#22178121\"> premio<img decoding=\"async\" src=\"http:\/\/cdncache-a.akamaihd.net\/items\/it\/img\/arrow-10x10.png\" alt=\"\" \/><\/a> nacional YUZZ en 2011.<\/p>\n<p>Tras el \u00e9xito de la pasada edici\u00f3n YUZZ en M\u00e1laga, el Centro Internacional Santander Emprendimiento y el PTA, renovaron su acuerdo de cooperaci\u00f3n para que la capital de la Costa del Sol cuente por cuarto a\u00f1o consecutivo con un centro YUZZ, para 20 j\u00f3venes de 18 a 31 a\u00f1os con ideas de base tecnol\u00f3gica.<\/p>\n<p><strong>YUZZ<\/strong><\/p>\n<p>El proyecto YUZZ arranc\u00f3 en el 2009 con dos centros, uno en Barcelona y otro en Madrid. Desde entonces, ha crecido de forma exponencial y en la nueva edici\u00f3n 2014 YUZZ llega a 24 ciudades de todo el territorio nacional, con la implicaci\u00f3n de cerca de 500<a class=\"izedispeosw\" title=\"Click to Continue &gt; by EnormouSales\" href=\"#68329902\"> j\u00f3venes emprendedores<img decoding=\"async\" src=\"http:\/\/cdncache-a.akamaihd.net\/items\/it\/img\/arrow-10x10.png\" alt=\"\" \/><\/a>.<\/p>\n<p>En esta nueva edici\u00f3n YUZZ llega a las ciudades de \u00c1lava, Albacete, Alicante, Barakaldo, Barcelona, Burgos, Cantabria, Castell\u00f3n, Ermua, Girona, Gran Canaria, Madrid, M\u00e1laga, Palencia, Palma de Mallorca, San Sebasti\u00e1n, Sant Cugat, Sant Feliu de Llobregat, Santiago, Tarragona, Terrassa, Valencia, Vigo y Zaragoza.<\/p>\n<p>Durante los siete meses de duraci\u00f3n del programa YUZZ, el programa pone a disposici\u00f3n de los<a class=\"izedispeosw\" title=\"Click to Continue &gt; by EnormouSales\" href=\"#75400629\"> seleccionados<img decoding=\"async\" src=\"http:\/\/cdncache-a.akamaihd.net\/items\/it\/img\/arrow-10x10.png\" alt=\"\" \/><\/a> el soporte necesario para desarrollar su idea en el mercado: una red de m\u00e1s de 200 expertos profesionales, formaci\u00f3n empresarial, asesor\u00edas, tutor\u00edas personalizadas, y una plataforma de trabajo colaborativo en l\u00ednea, para que su idea pueda materializarse en un proyecto empresarial.<\/p>\n<p>Una vez finalizado el proceso de formaci\u00f3n y asesoramiento, los mejores j\u00f3venes realizan un viaje organizado por el Centro Internacional Santander Emprendimiento a Silicon Valley, la meca mundial de innovaci\u00f3n en el \u00e1mbito de las nuevas tecnolog\u00edas, d\u00f3nde han aflorado empresas tan prestigiosas como<a class=\"izedispeosw\" title=\"Click to Continue &gt; by EnormouSales\" href=\"#76835730\"> Google<img decoding=\"async\" src=\"http:\/\/cdncache-a.akamaihd.net\/items\/it\/img\/arrow-10x10.png\" alt=\"\" \/><\/a>, eBay o Hewlett-Packard. Adem\u00e1s, en esta nueva edici\u00f3n los tres mejores proyectos, entre todos los finalistas de la edici\u00f3n a nivel nacional, recibir\u00e1n una dotaci\u00f3n econ\u00f3mica para ayudarles a poner en marcha su negocio: 30.000\u20ac para el primer<a class=\"izedispeosw\" title=\"Click to Continue &gt; by EnormouSales\" href=\"#67194119\"> premio<img decoding=\"async\" src=\"http:\/\/cdncache-a.akamaihd.net\/items\/it\/img\/arrow-10x10.png\" alt=\"\" \/><\/a>, 20.000\u20ac para el segundo y 10.000\u20ac para el tercer premiado.<\/p>\n","protected":false},"excerpt":{"rendered":"<p>El Centro Internacional Santander Emprendimiento (CISE) y el Parque Tecnol\u00f3gico de Andaluc\u00eda (PTA) reunieron ayer a medio centenar de j\u00f3venes&#8230;<\/p>\n","protected":false},"author":1,"featured_media":211,"comment_status":"closed","ping_status":"closed","sticky":false,"template":"","format":"standard","meta":{"footnotes":""},"categories":[78],"tags":[],"class_list":["post-153","post","type-post","status-publish","format-standard","has-post-thumbnail","hentry","category-sin-categoria"],"_links":{"self":[{"href":"https:\/\/metrica6.xyz\/es\/wp-json\/wp\/v2\/posts\/153","targetHints":{"allow":["GET"]}}],"collection":[{"href":"https:\/\/metrica6.xyz\/es\/wp-json\/wp\/v2\/posts"}],"about":[{"href":"https:\/\/metrica6.xyz\/es\/wp-json\/wp\/v2\/types\/post"}],"author":[{"embeddable":true,"href":"https:\/\/metrica6.xyz\/es\/wp-json\/wp\/v2\/users\/1"}],"replies":[{"embeddable":true,"href":"https:\/\/metrica6.xyz\/es\/wp-json\/wp\/v2\/comments?post=153"}],"version-history":[{"count":1,"href":"https:\/\/metrica6.xyz\/es\/wp-json\/wp\/v2\/posts\/153\/revisions"}],"predecessor-version":[{"id":7568,"href":"https:\/\/metrica6.xyz\/es\/wp-json\/wp\/v2\/posts\/153\/revisions\/7568"}],"wp:featuredmedia":[{"embeddable":true,"href":"https:\/\/metrica6.xyz\/es\/wp-json\/wp\/v2\/media\/211"}],"wp:attachment":[{"href":"https:\/\/metrica6.xyz\/es\/wp-json\/wp\/v2\/media?parent=153"}],"wp:term":[{"taxonomy":"category","embeddable":true,"href":"https:\/\/metrica6.xyz\/es\/wp-json\/wp\/v2\/categories?post=153"},{"taxonomy":"post_tag","embeddable":true,"href":"https:\/\/metrica6.xyz\/es\/wp-json\/wp\/v2\/tags?post=153"}],"curies":[{"name":"wp","href":"https:\/\/api.w.org\/{rel}","templated":true}]}}