{"id":1455,"date":"2016-12-29T08:57:59","date_gmt":"2016-12-29T08:57:59","guid":{"rendered":"http:\/\/metrica6.es\/?p=1455"},"modified":"2023-05-08T13:06:06","modified_gmt":"2023-05-08T11:06:06","slug":"balance-2016-un-ano-lleno-de-crecimiento","status":"publish","type":"post","link":"https:\/\/metrica6.xyz\/es\/balance-2016-un-ano-lleno-de-crecimiento\/","title":{"rendered":"Balance 2016: un a\u00f1o lleno de crecimiento"},"content":{"rendered":"<p>Miramos el calendario y de nuevo vemos como se acaba diciembre. No se trata simplemente de un mes que se va, sino un a\u00f1o que llega a su fin y otro que est\u00e1 a punto de comenzar. Llegados a este momento, en<a href=\"http:\/\/www.metrica6.es\/\"><span class=\"Apple-converted-space\">\u00a0<\/span>M\u00e9trica6<span class=\"Apple-converted-space\">\u00a0<\/span><\/a>siempre nos gusta hacer un balance 2016: un a\u00f1o lleno de crecimiento.<\/p>\n<p>Corr\u00eda el mes de<span class=\"Apple-converted-space\">\u00a0<\/span><strong>enero<\/strong>. Comenzamos el a\u00f1o como ni\u00f1os, escribiendo nuestra particular carta a los Reyes Magos de Oriente. En ella, adem\u00e1s de esas cosas t\u00edpicas que por m\u00e1s que est\u00e9n repetidas son indispensables \u2013 salud, trabajo y oportunidades- ped\u00edamos a sus Majestades que fueran generosos con todos vosotros y os regalaran muchos<span class=\"Apple-converted-space\">\u00a0<\/span><a href=\"http:\/\/www.nesswater.com\/\">NESS<\/a>. Y vaya si lo fueron\u2026 las ventas con alg\u00fan que otro pico han sido constantes este a\u00f1o. En el mismo mes conocimos lo que era el<span class=\"Apple-converted-space\">\u00a0<\/span><a href=\"https:\/\/simplementeingenieria.wordpress.com\/2016\/01\/18\/que-es-el-blue-monday\/\">\u2018Blue Monday\u2019<\/a><span class=\"Apple-converted-space\">\u00a0<\/span>\u2013 en castellano, \u2018lunes triste\u2019- se denomina al tercer lunes de enero. Una fecha designada como \u201cel d\u00eda m\u00e1s deprimente del a\u00f1o\u201d, seg\u00fan Cliff Arnal, investigador de la Universidad de Cardiff en Reino Unido. Para llegar a esta conclusi\u00f3n, utiliz\u00f3 en 2015 una f\u00f3rmula en la que tuvo en cuenta como variables: el clima; el salario; las deudas; el tiempo pasado desde Navidad; el periodo transcurrido entre el 10 y el 20 de enero que es cuando las personas empiezan a recriminarse el no haber cumplido con sus prop\u00f3sitos de a\u00f1o nuevo, tales como ir al gimnasio; la motivaci\u00f3n; y lo que \u00e9l denomin\u00f3 como la \u201cnecesidad de reaccionar\u201d. Nosotros no le hicimos mucho caso aunque nos result\u00f3 cuanto menos curioso. Eso s\u00ed, curiosidades aparte, os proponemos que mejor abogu\u00e9is por ser optimistas. El 25 de enero, todos nos pusimos de acuerdo en algo: la hora de despertarnos. Un<span class=\"Apple-converted-space\">\u00a0<\/span><a href=\"https:\/\/simplementeingenieria.wordpress.com\/2016\/01\/25\/un-terremoto-sacude-malaga\/\">fuerte se\u00edsmo<\/a><span class=\"Apple-converted-space\">\u00a0<\/span>de 6,3 grados ocurrido a las 5:22 horas de la madrugada sorprendi\u00f3 a buena parte de la provincia de M\u00e1laga. Aunque en un primer momento el Instituto Nacional de Geof\u00edsica se\u00f1al\u00f3 que la intensidad hab\u00eda sido de 5,6 grados, 30 minutos despu\u00e9s la increment\u00f3 hasta los 5,9 y posteriormente a 6,3 grados en la escala Richter. A las 5:35 horas, se produjo una r\u00e9plica m\u00e1s suave de 3,8 grados. Aparte de en M\u00e1laga, el terremoto se not\u00f3 en otras provincias andaluzas, entre ellas Almer\u00eda, Ja\u00e9n, Granada y Sevilla.<\/p>\n<p>All\u00e1 por el mes de<span class=\"Apple-converted-space\">\u00a0<\/span><strong>febrero<\/strong><span class=\"Apple-converted-space\">\u00a0<\/span>mostramos una gran preocupaci\u00f3n por el medioambiente. El planeta tierra hab\u00eda hablado a trav\u00e9s del fen\u00f3meno clim\u00e1tico de<span class=\"Apple-converted-space\">\u00a0<\/span><a href=\"https:\/\/simplementeingenieria.wordpress.com\/2016\/01\/27\/el-futuro-es-el-presente\/\">\u2018El Ni\u00f1o\u2019<\/a>. Se trata de los cambios en la temperatura de las aguas en la parte central y oriental del Pac\u00edfico tropical, en per\u00edodos que van de tres a siete a\u00f1os. Las aguas superficiales de una gran franja del Oc\u00e9ano Pac\u00edfico tropical, se calientan o enfr\u00edan entre 1 \u00b0 C y 3 \u00b0 C, en comparaci\u00f3n a la normal. Este calentamiento afect\u00f3 directamente a la distribuci\u00f3n de las precipitaciones en las zonas tropicales provocando ciclos extremos de sequ\u00eda o inundaciones. Por otro lado, si nos vamos al m\u00edtico lago Mono de California vemos que se sigue secando. El desv\u00edo de agua de su cuenca para satisfacer la sed de cuatro millones de personas en la ciudad de Los \u00c1ngeles -a 575 kil\u00f3metros de distancia- la tala de \u00e1rboles en la vecina Sierra Nevada para abastecer a las minas de oro del siglo XIX, el cambio clim\u00e1tico, y, por \u00faltimo, la sequ\u00eda que azota a California desde hace cuatro a\u00f1os est\u00e1n acabando con lo que no lograron 675.000 a\u00f1os de glaciaciones, terremotos y hasta la erupci\u00f3n del volc\u00e1n m\u00e1s joven de Am\u00e9rica del Norte, en el siglo XV. Por no hablar de los problemas hist\u00f3ricos de agua en lo que un d\u00eda denominaron \u2018Tercer Mundo\u2019. Dispositivos como NESS se hac\u00edan algo m\u00e1s que necesarios. A finales de ese mes viajamos a la IV edici\u00f3n de la Feria Vasca de la sostenibiliad ambiental,<span class=\"Apple-converted-space\">\u00a0<\/span><a href=\"https:\/\/simplementeingenieria.wordpress.com\/2016\/02\/24\/el-dispositivo-ness-causa-el-interes-de-los-11-592-visitantes-de-berdeago\/\">Berdeago<\/a>.\u00a0 Tres intensas jornadas que contaron con la asistencia de 11.592 personas procedentes de m\u00e1s de 9 provincias de toda Espa\u00f1a. Los visitantes quedaron sorprendidos por la innovaci\u00f3n tecnol\u00f3gica que ofrece el dispositivo de ahorro de agua NESS de M\u00e9trica6.<\/p>\n<p><img decoding=\"async\" class=\"alignnone size-full wp-image-873\" src=\"https:\/\/simplementeingenieria.files.wordpress.com\/2016\/02\/berdeago2.jpg?w=585\" sizes=\"(max-width: 585px) 100vw, 585px\" srcset=\"https:\/\/simplementeingenieria.files.wordpress.com\/2016\/02\/berdeago2.jpg?w=585 585w, https:\/\/simplementeingenieria.files.wordpress.com\/2016\/02\/berdeago2.jpg?w=150 150w, https:\/\/simplementeingenieria.files.wordpress.com\/2016\/02\/berdeago2.jpg?w=300 300w, https:\/\/simplementeingenieria.files.wordpress.com\/2016\/02\/berdeago2.jpg 761w\" alt=\"BERDEAGO2\" data-large-file=\"https:\/\/simplementeingenieria.files.wordpress.com\/2016\/02\/berdeago2.jpg?w=585?w=585\" data-medium-file=\"https:\/\/simplementeingenieria.files.wordpress.com\/2016\/02\/berdeago2.jpg?w=585?w=300\" data-image-description=\"\" data-image-title=\"BERDEAGO2\" data-image-meta=\"{&quot;aperture&quot;:&quot;0&quot;,&quot;credit&quot;:&quot;&quot;,&quot;camera&quot;:&quot;&quot;,&quot;caption&quot;:&quot;&quot;,&quot;created_timestamp&quot;:&quot;0&quot;,&quot;copyright&quot;:&quot;&quot;,&quot;focal_length&quot;:&quot;0&quot;,&quot;iso&quot;:&quot;0&quot;,&quot;shutter_speed&quot;:&quot;0&quot;,&quot;title&quot;:&quot;&quot;,&quot;orientation&quot;:&quot;0&quot;}\" data-comments-opened=\"1\" data-orig-size=\"761,505\" data-orig-file=\"https:\/\/simplementeingenieria.files.wordpress.com\/2016\/02\/berdeago2.jpg?w=585\" data-permalink=\"https:\/\/simplementeingenieria.wordpress.com\/2016\/02\/24\/el-dispositivo-ness-causa-el-interes-de-los-11-592-visitantes-de-berdeago\/berdeago2\/\" data-attachment-id=\"873\" \/><\/p>\n<p>En<span class=\"Apple-converted-space\">\u00a0<\/span><strong>marzo<\/strong>, a las puertas de la primavera, NESS continu\u00f3 su periplo promocional. En esta ocasi\u00f3n nos desplazmos a la antigua azucarera de Torre del Mar (V\u00e9lez M\u00e1laga) para participar durante dos meses en<span class=\"Apple-converted-space\">\u00a0<\/span><a href=\"https:\/\/simplementeingenieria.wordpress.com\/2016\/03\/02\/ness-se-presenta-en-ecoscientia\/\">Ecoscientia Planet<\/a>.\u00a0 Se trat\u00f3 de una exposici\u00f3n a disposici\u00f3n de alumnado y profesorado de todos los niveles educativos, profesionales y colectivos con un compromiso con la sostenibilidad. M\u00e9trica6 cont\u00f3 en Ecoscientia con un espacio propio en el que se instal\u00f3 un panel explicativo para mostrar al p\u00fablico el funcionamiento del dispositivo. A finales de mes, celebramos el<a href=\"https:\/\/simplementeingenieria.wordpress.com\/2016\/03\/22\/dia-mundial-del-agua-2016\/\"><span class=\"Apple-converted-space\">\u00a0<\/span>D\u00eda Mundial del Agua<\/a><span class=\"Apple-converted-space\">\u00a0<\/span>que anualmente se conmemora el 22 de marzo. Una fecha crucial para recordar la importancia del agua dulce y la defensa de la gesti\u00f3n sostenible de los recursos. La efem\u00e9ride supone la oportunidad para aprender m\u00e1s sobre los temas relacionados con el agua, divulgar y estimular al mayor n\u00famero de personas a tomar medidas y lograr cambios sustanciales.<\/p>\n<p><img decoding=\"async\" class=\"alignnone size-full wp-image-880\" src=\"https:\/\/simplementeingenieria.files.wordpress.com\/2016\/03\/ecoscientia.jpg?w=585\" sizes=\"(max-width: 585px) 100vw, 585px\" srcset=\"https:\/\/simplementeingenieria.files.wordpress.com\/2016\/03\/ecoscientia.jpg?w=585 585w, https:\/\/simplementeingenieria.files.wordpress.com\/2016\/03\/ecoscientia.jpg?w=1170 1170w, https:\/\/simplementeingenieria.files.wordpress.com\/2016\/03\/ecoscientia.jpg?w=150 150w, https:\/\/simplementeingenieria.files.wordpress.com\/2016\/03\/ecoscientia.jpg?w=300 300w, https:\/\/simplementeingenieria.files.wordpress.com\/2016\/03\/ecoscientia.jpg?w=768 768w, https:\/\/simplementeingenieria.files.wordpress.com\/2016\/03\/ecoscientia.jpg?w=1024 1024w\" alt=\"Ecoscientia\" data-large-file=\"https:\/\/simplementeingenieria.files.wordpress.com\/2016\/03\/ecoscientia.jpg?w=585?w=585\" data-medium-file=\"https:\/\/simplementeingenieria.files.wordpress.com\/2016\/03\/ecoscientia.jpg?w=585?w=300\" data-image-description=\"\" data-image-title=\"Ecoscientia\" data-image-meta=\"{&quot;aperture&quot;:&quot;3.5&quot;,&quot;credit&quot;:&quot;&quot;,&quot;camera&quot;:&quot;Canon EOS 650D&quot;,&quot;caption&quot;:&quot;&quot;,&quot;created_timestamp&quot;:&quot;1412353910&quot;,&quot;copyright&quot;:&quot;&quot;,&quot;focal_length&quot;:&quot;18&quot;,&quot;iso&quot;:&quot;200&quot;,&quot;shutter_speed&quot;:&quot;0.04&quot;,&quot;title&quot;:&quot;&quot;,&quot;orientation&quot;:&quot;1&quot;}\" data-comments-opened=\"1\" data-orig-size=\"5184,3456\" data-orig-file=\"https:\/\/simplementeingenieria.files.wordpress.com\/2016\/03\/ecoscientia.jpg?w=585\" data-permalink=\"https:\/\/simplementeingenieria.wordpress.com\/2016\/03\/02\/ness-se-presenta-en-ecoscientia\/ecoscientia\/\" data-attachment-id=\"880\" \/><\/p>\n<p>Cuando el calendario marc\u00f3<span class=\"Apple-converted-space\">\u00a0<\/span><strong>abril<\/strong><span class=\"Apple-converted-space\">\u00a0<\/span>nos fuimos a Granada. M\u00e1s de 600 profesionales de la edificaci\u00f3n y la construcci\u00f3n de todo el pa\u00eds se dieron cita del 20 al 22 abril, en la VII edici\u00f3n de la Convenci\u00f3n T\u00e9cnica y Tecnol\u00f3gica de la Arquitectura T\u00e9cnica<span class=\"Apple-converted-space\">\u00a0<\/span><a href=\"https:\/\/simplementeingenieria.wordpress.com\/2016\/04\/28\/conferencia-sobre-el-dispositivo-ness-en-contart-2016\/\">CONTART 2016<\/a><span class=\"Apple-converted-space\">\u00a0<\/span>que se celebr\u00f3 en el Palacio de Exposiciones y Congresos de la ciudad de la Alhambra. Durante estos tres d\u00edas, profesionales, investigadores, estudiantes y docentes de todo el pa\u00eds conocieron de primera mano las tendencias, avances, objetivos y nuevos retos del sector. Un encuentro en el que abordaron multitud de materias, desde la nueva normativa del hormig\u00f3n y el acero, a las nuevas tecnolog\u00edas en edificaci\u00f3n y procesos constructivos, la prevenci\u00f3n, pasando por la restauraci\u00f3n tradicional, el urbanismo, la rehabilitaci\u00f3n energ\u00e9tica, la sostenibilidad, la accesibilidad y, las nuevas tecnolog\u00edas y sistemas de gesti\u00f3n BIM. Entre el conjunto de ponencias, destac\u00f3 la ofrecida por M\u00e9trica6, titulada \u2018NESS: sistema de recirculaci\u00f3n de agua caliente sin ramal adicional de retorno. Ahorro de agua y energ\u00eda\u2018, impartida por nuestra compa\u00f1era, la arquitecta Carmen Ladr\u00f3n de Guevara.<\/p>\n<p><img decoding=\"async\" class=\"alignnone size-full wp-image-1043\" src=\"https:\/\/simplementeingenieria.files.wordpress.com\/2016\/05\/collage.jpg?w=585\" sizes=\"(max-width: 585px) 100vw, 585px\" srcset=\"https:\/\/simplementeingenieria.files.wordpress.com\/2016\/05\/collage.jpg?w=585 585w, https:\/\/simplementeingenieria.files.wordpress.com\/2016\/05\/collage.jpg?w=1170 1170w, https:\/\/simplementeingenieria.files.wordpress.com\/2016\/05\/collage.jpg?w=150 150w, https:\/\/simplementeingenieria.files.wordpress.com\/2016\/05\/collage.jpg?w=300 300w, https:\/\/simplementeingenieria.files.wordpress.com\/2016\/05\/collage.jpg?w=768 768w, https:\/\/simplementeingenieria.files.wordpress.com\/2016\/05\/collage.jpg?w=1024 1024w\" alt=\"Collage\" data-large-file=\"https:\/\/simplementeingenieria.files.wordpress.com\/2016\/05\/collage.jpg?w=585?w=585\" data-medium-file=\"https:\/\/simplementeingenieria.files.wordpress.com\/2016\/05\/collage.jpg?w=585?w=300\" data-image-description=\"\" data-image-title=\"Collage\" data-image-meta=\"{&quot;aperture&quot;:&quot;0&quot;,&quot;credit&quot;:&quot;&quot;,&quot;camera&quot;:&quot;&quot;,&quot;caption&quot;:&quot;&quot;,&quot;created_timestamp&quot;:&quot;0&quot;,&quot;copyright&quot;:&quot;&quot;,&quot;focal_length&quot;:&quot;0&quot;,&quot;iso&quot;:&quot;0&quot;,&quot;shutter_speed&quot;:&quot;0&quot;,&quot;title&quot;:&quot;&quot;,&quot;orientation&quot;:&quot;1&quot;}\" data-comments-opened=\"1\" data-orig-size=\"2772,2480\" data-orig-file=\"https:\/\/simplementeingenieria.files.wordpress.com\/2016\/05\/collage.jpg?w=585\" data-permalink=\"https:\/\/simplementeingenieria.wordpress.com\/2016\/05\/04\/participa-en-yomemojo\/collage\/\" data-attachment-id=\"1043\" \/><\/p>\n<p>En<span class=\"Apple-converted-space\">\u00a0<\/span><strong>mayo<\/strong><span class=\"Apple-converted-space\">\u00a0<\/span>nos involucramos en<span class=\"Apple-converted-space\">\u00a0<\/span><a href=\"https:\/\/simplementeingenieria.wordpress.com\/2016\/05\/04\/participa-en-yomemojo\/\">#YoMeMojo<\/a>, un estudio a gran escala sobre los usos del agua y cuyos resultados pudieran servir de base a todo tipo de instituciones, organismos, empresas y asociaciones, para desarrollar medidas e instrumentos que ayuden a la conservaci\u00f3n de agua y energ\u00eda en las viviendas. Este estudio fue realizado con la colaboraci\u00f3n de particulares que pretenden hacer de nuestro planeta un lugar m\u00e1s sostenible, con el apoyo de numerosas instituciones, empresas y plataformas de divulgaci\u00f3n. Todo ello de forma desinteresada y cuyos resultados se publicar\u00e1n pr\u00f3ximamente y ser\u00e1n de acceso libre para que todo el mundo se beneficie del conocimiento creado entre todos. En el marco de productos ecol\u00f3gicos, bioconstrucci\u00f3n, energ\u00edas renovables y consumo responsable, M\u00e9trica6 tambi\u00e9n particip\u00f3 en Ir\u00fan en la<span class=\"Apple-converted-space\">\u00a0<\/span><a href=\"http:\/\/metrica6.es\/el-dispositivo-ness-de-metrica6-llega-a-bioterra\/\">Feria Bioterra<\/a><span class=\"Apple-converted-space\">\u00a0<\/span>de la mano de la distribuidora Gaia Group quienes a trav\u00e9s de los stands 1-06 y 1-07 mostraron los m\u00f3dulos expositivos que componen el dispositivo de ahorro de agua NESS.<\/p>\n<p>El 8 de<strong><span class=\"Apple-converted-space\">\u00a0<\/span>junio<\/strong>, a las puertas del verano, nos unimos a la celebraci\u00f3n del<span class=\"Apple-converted-space\">\u00a0<\/span><a href=\"https:\/\/simplementeingenieria.wordpress.com\/2016\/06\/08\/dia-mundial-de-los-oceanos\/\">D\u00eda Mundial de los Oce\u00e1nos<\/a><span class=\"Apple-converted-space\">\u00a0<\/span>cuyo lema de este a\u00f1o fue \u00abUnos oc\u00e9anos sanos, un planeta sano\u00bb. Lamentablemente , algunas actividades humanas, como la pesca ilegal, las pr\u00e1cticas de acuicultura insostenibles , la contaminaci\u00f3n marina y la destrucci\u00f3n del h\u00e1bitat y las especies ex\u00f3ticas, as\u00ed como el cambio clim\u00e1tico y la acidificaci\u00f3n de los oc\u00e9anos, tienen un impacto negativo sobre los oc\u00e9anos y los mares. \u00a0Cada a\u00f1o, las Naciones Unidas trata de concienciar a la poblaci\u00f3n con diferentes actos simb\u00f3licos. D\u00edas despu\u00e9s y ya de nuevo en la ciudad de la Manquita, el Museo Picasso M\u00e1laga fue el punto de encuentro de los protagonistas de la revoluci\u00f3n del Siglo XXI: la digital. El enclave cultural malague\u00f1o acogi\u00f3 la primera edici\u00f3n de los<a href=\"https:\/\/simplementeingenieria.wordpress.com\/2016\/06\/16\/metrica6-asiste-a-los-premios-evolucion\/\"><span class=\"Apple-converted-space\">\u00a0<\/span>Premios Evoluci\u00f3n<\/a>, organizados por Sur.es y BBVA para reconocer a empresas, personas y colectivos que contribuyen a situar a M\u00e1laga en el mapa de la tecnolog\u00eda. Tres empresas, adem\u00e1s de una iniciativa relacionada con la formaci\u00f3n y otra de car\u00e1cter social formaron la primera generaci\u00f3n de estos galardones: Resultados de F\u00fatbol, Freepik, Tiendanimal, Animum Creativity Advanced School y M\u00e1laga Code. Por su parte M\u00e9trica6 acudi\u00f3 al acto de la mano de su director de Comunicaci\u00f3n, Alexis Ojeda, para apoyar estos galardones que aportan solidez al tejido empresarial de la capital.<\/p>\n<p><img decoding=\"async\" class=\"alignnone size-full wp-image-1132\" src=\"https:\/\/simplementeingenieria.files.wordpress.com\/2016\/06\/premios4.jpg?w=585\" sizes=\"(max-width: 585px) 100vw, 585px\" srcset=\"https:\/\/simplementeingenieria.files.wordpress.com\/2016\/06\/premios4.jpg?w=585 585w, https:\/\/simplementeingenieria.files.wordpress.com\/2016\/06\/premios4.jpg?w=150 150w, https:\/\/simplementeingenieria.files.wordpress.com\/2016\/06\/premios4.jpg?w=300 300w, https:\/\/simplementeingenieria.files.wordpress.com\/2016\/06\/premios4.jpg 640w\" alt=\"Premios4\" data-large-file=\"https:\/\/simplementeingenieria.files.wordpress.com\/2016\/06\/premios4.jpg?w=585?w=585\" data-medium-file=\"https:\/\/simplementeingenieria.files.wordpress.com\/2016\/06\/premios4.jpg?w=585?w=300\" data-image-description=\"\" data-image-title=\"Premios4\" data-image-meta=\"{&quot;aperture&quot;:&quot;0&quot;,&quot;credit&quot;:&quot;&quot;,&quot;camera&quot;:&quot;&quot;,&quot;caption&quot;:&quot;&quot;,&quot;created_timestamp&quot;:&quot;0&quot;,&quot;copyright&quot;:&quot;&quot;,&quot;focal_length&quot;:&quot;0&quot;,&quot;iso&quot;:&quot;0&quot;,&quot;shutter_speed&quot;:&quot;0&quot;,&quot;title&quot;:&quot;&quot;,&quot;orientation&quot;:&quot;0&quot;}\" data-comments-opened=\"1\" data-orig-size=\"640,359\" data-orig-file=\"https:\/\/simplementeingenieria.files.wordpress.com\/2016\/06\/premios4.jpg?w=585\" data-permalink=\"https:\/\/simplementeingenieria.wordpress.com\/2016\/06\/16\/metrica6-asiste-a-los-premios-evolucion\/premios4\/\" data-attachment-id=\"1132\" \/><\/p>\n<p>\u201cEl dise\u00f1o es el alma de todo lo creado por el hombre\u201d, afirmaba Steve Jobs en una de sus c\u00e9lebres frases. Con esa reflexi\u00f3n del magnate estadounidense y fundador de la archiconocida Apple naci\u00f3 en<strong><span class=\"Apple-converted-space\">\u00a0<\/span>julio<\/strong><span class=\"Apple-converted-space\">\u00a0<\/span>una<span class=\"Apple-converted-space\">\u00a0<\/span><a href=\"https:\/\/simplementeingenieria.wordpress.com\/2016\/07\/19\/empresas-malaguenas-participaran-en-un-encuentro-de-la-construccion-y-el-diseno\/\">exposici\u00f3n colectiva del sector de la construcci\u00f3n y el dise\u00f1o que un grupo de empresas malague\u00f1as realiz\u00f3 en el estudio de arquitectura Borrcia<\/a>, en M\u00e1laga capital. La iniciativa parti\u00f3 como un punto de encuentro que el fundador de Borccia, Jos\u00e9 Antonio Borrallo, quiso lanzar \u201ca modo de Showroom\u201d para que empresas, clientes y profesionales del sector de la construcci\u00f3n y el dise\u00f1o pudieran poner en com\u00fan las tendencias del momento as\u00ed como las soluciones innovadoras que ofertan. M\u00e9trica6 mostr\u00f3 el dispositivo de ahorro de agua NESS de la mano de personal t\u00e9cnico que explic\u00f3 in situ el funcionamiento del sistema. En el mismo mes, M\u00e9trica6 lanz\u00f3 la nueva<span class=\"Apple-converted-space\">\u00a0<\/span><a href=\"https:\/\/simplementeingenieria.wordpress.com\/2016\/07\/25\/tienda-virtual-ness\/\">tienda virtual de NESS<\/a>. Un espacio mucho m\u00e1s eficaz, moderno e intuitivo.<\/p>\n<p><img decoding=\"async\" class=\"alignnone size-full wp-image-1210\" src=\"https:\/\/simplementeingenieria.files.wordpress.com\/2016\/07\/infografia.jpg?w=585\" sizes=\"(max-width: 505px) 100vw, 505px\" srcset=\"https:\/\/simplementeingenieria.files.wordpress.com\/2016\/07\/infografia.jpg 505w, https:\/\/simplementeingenieria.files.wordpress.com\/2016\/07\/infografia.jpg?w=131 131w, https:\/\/simplementeingenieria.files.wordpress.com\/2016\/07\/infografia.jpg?w=262 262w\" alt=\"Infografia\" data-large-file=\"https:\/\/simplementeingenieria.files.wordpress.com\/2016\/07\/infografia.jpg?w=585?w=505\" data-medium-file=\"https:\/\/simplementeingenieria.files.wordpress.com\/2016\/07\/infografia.jpg?w=585?w=262\" data-image-description=\"\" data-image-title=\"Infografia\" data-image-meta=\"{&quot;aperture&quot;:&quot;0&quot;,&quot;credit&quot;:&quot;&quot;,&quot;camera&quot;:&quot;&quot;,&quot;caption&quot;:&quot;&quot;,&quot;created_timestamp&quot;:&quot;0&quot;,&quot;copyright&quot;:&quot;&quot;,&quot;focal_length&quot;:&quot;0&quot;,&quot;iso&quot;:&quot;0&quot;,&quot;shutter_speed&quot;:&quot;0&quot;,&quot;title&quot;:&quot;&quot;,&quot;orientation&quot;:&quot;0&quot;}\" data-comments-opened=\"1\" data-orig-size=\"505,578\" data-orig-file=\"https:\/\/simplementeingenieria.files.wordpress.com\/2016\/07\/infografia.jpg?w=585\" data-permalink=\"https:\/\/simplementeingenieria.wordpress.com\/2016\/07\/25\/tienda-virtual-ness\/infografia\/\" data-attachment-id=\"1210\" \/><\/p>\n<p>En<span class=\"Apple-converted-space\">\u00a0<\/span><strong>agosto<\/strong>, y por tercer a\u00f1o consecutivo, M\u00e9trica6 renov\u00f3 su compromiso y apoyo a los diez principios del<span class=\"Apple-converted-space\">\u00a0<\/span><a href=\"https:\/\/simplementeingenieria.wordpress.com\/2016\/08\/03\/metrica6-renueva-su-compromiso-con-el-pacto-mundial\/\">Pacto Mundial<\/a><span class=\"Apple-converted-space\">\u00a0<\/span>referente a los Derechos Humanos, los Derechos Laborales, el Medio Ambiente y la lucha contra la corrupci\u00f3n. Mediante un escrito oficial, el 14 de julio, el CEO de M\u00e9trica6, Eduardo Due\u00f1as, expres\u00f3 a la organizaci\u00f3n su intenci\u00f3n de continuar apoyando y desarrollando esos principios dentro de la esfera de influencia de la empresa. Con esta renovaci\u00f3n anual, M\u00e9trica6 se compromete a hacer del Pacto Mundial y sus principios parte de la estrategia, la cultura y las acciones cotidianas de la compa\u00f1\u00eda, as\u00ed como su prop\u00f3sito de involucrarse en proyectos cooperativos que contribuyan a los objetivos m\u00e1s amplios de desarrollo de las Naciones Unidas, en particular los objetivos de desarrollo del milenio.<\/p>\n<p><img decoding=\"async\" class=\"alignnone size-full wp-image-1226\" src=\"https:\/\/simplementeingenieria.files.wordpress.com\/2016\/08\/metrica6-eduardo-duec3b1as.jpg?w=585\" sizes=\"(max-width: 585px) 100vw, 585px\" srcset=\"https:\/\/simplementeingenieria.files.wordpress.com\/2016\/08\/metrica6-eduardo-duec3b1as.jpg?w=585 585w, https:\/\/simplementeingenieria.files.wordpress.com\/2016\/08\/metrica6-eduardo-duec3b1as.jpg?w=1170 1170w, https:\/\/simplementeingenieria.files.wordpress.com\/2016\/08\/metrica6-eduardo-duec3b1as.jpg?w=150 150w, https:\/\/simplementeingenieria.files.wordpress.com\/2016\/08\/metrica6-eduardo-duec3b1as.jpg?w=300 300w, https:\/\/simplementeingenieria.files.wordpress.com\/2016\/08\/metrica6-eduardo-duec3b1as.jpg?w=768 768w, https:\/\/simplementeingenieria.files.wordpress.com\/2016\/08\/metrica6-eduardo-duec3b1as.jpg?w=1024 1024w\" alt=\"Metrica6 Eduardo Due\u00f1as\" data-large-file=\"https:\/\/simplementeingenieria.files.wordpress.com\/2016\/08\/metrica6-eduardo-duec3b1as.jpg?w=585?w=585\" data-medium-file=\"https:\/\/simplementeingenieria.files.wordpress.com\/2016\/08\/metrica6-eduardo-duec3b1as.jpg?w=585?w=300\" data-image-description=\"\" data-image-title=\"Metrica6 Eduardo Due\u00f1as\" data-image-meta=\"{&quot;aperture&quot;:&quot;2.2&quot;,&quot;credit&quot;:&quot;&quot;,&quot;camera&quot;:&quot;iPhone 6s&quot;,&quot;caption&quot;:&quot;&quot;,&quot;created_timestamp&quot;:&quot;1470219078&quot;,&quot;copyright&quot;:&quot;&quot;,&quot;focal_length&quot;:&quot;4.15&quot;,&quot;iso&quot;:&quot;32&quot;,&quot;shutter_speed&quot;:&quot;0.02&quot;,&quot;title&quot;:&quot;&quot;,&quot;orientation&quot;:&quot;1&quot;}\" data-comments-opened=\"1\" data-orig-size=\"3952,2624\" data-orig-file=\"https:\/\/simplementeingenieria.files.wordpress.com\/2016\/08\/metrica6-eduardo-duec3b1as.jpg?w=585\" data-permalink=\"https:\/\/simplementeingenieria.wordpress.com\/2016\/08\/03\/metrica6-renueva-su-compromiso-con-el-pacto-mundial\/metrica6-eduardo-duenas\/\" data-attachment-id=\"1226\" \/><\/p>\n<p>En el mes de<span class=\"Apple-converted-space\">\u00a0<\/span><strong>septiembre<\/strong><span class=\"Apple-converted-space\">\u00a0<\/span>visitamos de nuevo Granada. \u00bfEl motivo? La participaci\u00f3n de M\u00e9trica6 en el Foro de Ingenier\u00eda Desarrollo Sostenible Granada<span class=\"Apple-converted-space\">\u00a0<\/span><a href=\"https:\/\/simplementeingenieria.wordpress.com\/2016\/09\/21\/metrica6-participara-en-el-esdforumgranada-con-ness\/\">(ESDForumGranada)<\/a>. El evento estuvo dirigido a investigadores, profesionales del sector privado, organismos p\u00fablicos y sociedad civil interesados en los \u00e1mbitos del desarrollo sostenible, cambio clim\u00e1tico, energ\u00edas renovables, agua, movilidad sostenible, emprendimiento social e instrumentos de financiaci\u00f3n para la sostenibilidad. El CEO de M\u00e9trica6, Eduardo Due\u00f1as fue el encargado de representar a la empresa de ingenier\u00eda con dos intervenciones: la charla \u2018NESS: Smart solution to water wasting in buildings\u2019 y otra en la que Due\u00f1as expuso su experiencia al frente de M\u00e9trica6.<\/p>\n<p><strong>Octubre<\/strong><span class=\"Apple-converted-space\">\u00a0<\/span>fue el turno de Madrid. M\u00e9trica6 particip\u00f3 en el Sal\u00f3n Internacional de Materiales, T\u00e9cnicas y Soluciones Constructivas<span class=\"Apple-converted-space\">\u00a0<\/span><a href=\"http:\/\/metrica6.es\/rotundo-exito-de-ness-en-construtec-2016\/\">(CONSTRUTEC)<\/a><span class=\"Apple-converted-space\">\u00a0<\/span>que se celebr\u00f3 en el Recinto de Ferias y Exposiciones (IFEMA). Cada a\u00f1o, la cita se posiciona como el mayor evento comercial europeo sobre construcci\u00f3n y energ\u00eda, por ello, desde M\u00e9trica6 se acudi\u00f3 con un equipo de profesionales que present\u00f3 a todos los asistentes el innovador dispositivo de Ahorro de Agua NESS, convirti\u00e9ndose en uno de los productos m\u00e1s visitados de la feria. Adem\u00e1s se presentaron todos los servicios que M\u00e9trica6 ofrece como empresa de ingenier\u00eda, especializada en el \u00e1mbito del I+D+i.<\/p>\n<p><img decoding=\"async\" class=\"alignnone size-full wp-image-1404\" src=\"https:\/\/simplementeingenieria.files.wordpress.com\/2016\/12\/10-construtec.jpg?w=585\" sizes=\"(max-width: 585px) 100vw, 585px\" srcset=\"https:\/\/simplementeingenieria.files.wordpress.com\/2016\/12\/10-construtec.jpg?w=585 585w, https:\/\/simplementeingenieria.files.wordpress.com\/2016\/12\/10-construtec.jpg?w=150 150w, https:\/\/simplementeingenieria.files.wordpress.com\/2016\/12\/10-construtec.jpg?w=300 300w, https:\/\/simplementeingenieria.files.wordpress.com\/2016\/12\/10-construtec.jpg?w=768 768w, https:\/\/simplementeingenieria.files.wordpress.com\/2016\/12\/10-construtec.jpg 900w\" alt=\"10-construtec\" data-large-file=\"https:\/\/simplementeingenieria.files.wordpress.com\/2016\/12\/10-construtec.jpg?w=585?w=585\" data-medium-file=\"https:\/\/simplementeingenieria.files.wordpress.com\/2016\/12\/10-construtec.jpg?w=585?w=300\" data-image-description=\"\" data-image-title=\"10-construtec\" data-image-meta=\"{&quot;aperture&quot;:&quot;0&quot;,&quot;credit&quot;:&quot;&quot;,&quot;camera&quot;:&quot;&quot;,&quot;caption&quot;:&quot;&quot;,&quot;created_timestamp&quot;:&quot;1478248440&quot;,&quot;copyright&quot;:&quot;&quot;,&quot;focal_length&quot;:&quot;0&quot;,&quot;iso&quot;:&quot;0&quot;,&quot;shutter_speed&quot;:&quot;0&quot;,&quot;title&quot;:&quot;&quot;,&quot;orientation&quot;:&quot;1&quot;}\" data-comments-opened=\"1\" data-orig-size=\"900,900\" data-orig-file=\"https:\/\/simplementeingenieria.files.wordpress.com\/2016\/12\/10-construtec.jpg?w=585\" data-permalink=\"https:\/\/simplementeingenieria.wordpress.com\/2016\/12\/29\/un-ano-lleno-de-crecimiento\/10-construtec\/\" data-attachment-id=\"1404\" \/><\/p>\n<p>En<span class=\"Apple-converted-space\">\u00a0<\/span><strong>noviembre<\/strong><span class=\"Apple-converted-space\">\u00a0<\/span>mir\u00e1bamos al cielo.<span class=\"Apple-converted-space\">\u00a0<\/span><a href=\"https:\/\/simplementeingenieria.wordpress.com\/2016\/10\/11\/malaga-podria-entrar-en-alerta-de-sequia-en-febrero\/\">La lluvia<\/a><span class=\"Apple-converted-space\">\u00a0<\/span>segu\u00eda sin llegar a M\u00e1laga y la provincia se ve\u00eda abocada a un nuevo periodo de escasez h\u00eddrica, as\u00ed lo admiti\u00f3 la Junta de Andaluc\u00eda, que se\u00f1al\u00f3 que la probabilidad de que la sequ\u00eda fuese permanente en M\u00e1laga era alta.<\/p>\n<p>El mes de<span class=\"Apple-converted-space\">\u00a0<\/span><strong>diciembre<\/strong>, el problema fue todo lo contrario. Finalmente llovi\u00f3, y vaya si lo hizo. La tromba de agua fue tal que las inundaciones en campos, ciudades y el colapso generalizado fue una tendencia. Los pantanos abrieron sus compuertas y los r\u00edos se desbordaron. Tras el primer caos inicial, la situaci\u00f3n se estabiliz\u00f3 y dio paso a la llegada del invierno. De nuevo en el \u00faltimo mes del a\u00f1o hacemos balance de todo nuestro 2016 y vemos cuanto hemos crecido. A nivel plantilla, algunos nos dejaron y otros llegaron como nuevos miembros del equipo. La red de colaboradores de M\u00e9trica6 ha aumentado a m\u00e1s de una veintena de \u2018partners\u2019 que ya conf\u00edan en el valor a\u00f1adido que supone incluir en sus proyectos o cat\u00e1logos de productos, el innovador dispositivo de ahorro de agua NESS que paulatinamente se consolidada como un sistema tecnol\u00f3gico que aporta una mayor sostenibilidad. Respaldado por la cr\u00edtica y los galardones en el sector, NESS convierte a nuestros colaboradores en profesionales m\u00e1s competitivos dentro de las tendencias que se perfilan en el Siglo XXI.<\/p>\n<p><img decoding=\"async\" class=\"alignnone size-full wp-image-1345\" src=\"https:\/\/simplementeingenieria.files.wordpress.com\/2016\/12\/ca-m6.jpg?w=585\" sizes=\"(max-width: 585px) 100vw, 585px\" srcset=\"https:\/\/simplementeingenieria.files.wordpress.com\/2016\/12\/ca-m6.jpg?w=585 585w, https:\/\/simplementeingenieria.files.wordpress.com\/2016\/12\/ca-m6.jpg?w=1170 1170w, https:\/\/simplementeingenieria.files.wordpress.com\/2016\/12\/ca-m6.jpg?w=150 150w, https:\/\/simplementeingenieria.files.wordpress.com\/2016\/12\/ca-m6.jpg?w=300 300w, https:\/\/simplementeingenieria.files.wordpress.com\/2016\/12\/ca-m6.jpg?w=768 768w, https:\/\/simplementeingenieria.files.wordpress.com\/2016\/12\/ca-m6.jpg?w=1024 1024w\" alt=\"ca-m6\" data-large-file=\"https:\/\/simplementeingenieria.files.wordpress.com\/2016\/12\/ca-m6.jpg?w=585?w=585\" data-medium-file=\"https:\/\/simplementeingenieria.files.wordpress.com\/2016\/12\/ca-m6.jpg?w=585?w=300\" data-image-description=\"\" data-image-title=\"ca-m6\" data-image-meta=\"{&quot;aperture&quot;:&quot;0&quot;,&quot;credit&quot;:&quot;&quot;,&quot;camera&quot;:&quot;&quot;,&quot;caption&quot;:&quot;&quot;,&quot;created_timestamp&quot;:&quot;0&quot;,&quot;copyright&quot;:&quot;&quot;,&quot;focal_length&quot;:&quot;0&quot;,&quot;iso&quot;:&quot;0&quot;,&quot;shutter_speed&quot;:&quot;0&quot;,&quot;title&quot;:&quot;&quot;,&quot;orientation&quot;:&quot;1&quot;}\" data-comments-opened=\"1\" data-orig-size=\"2560,1440\" data-orig-file=\"https:\/\/simplementeingenieria.files.wordpress.com\/2016\/12\/ca-m6.jpg?w=585\" data-permalink=\"https:\/\/simplementeingenieria.wordpress.com\/2016\/12\/12\/llega-la-navidad-a-metrica6\/ca-m6\/\" data-attachment-id=\"1345\" \/><\/p>\n<p><strong>En 2017 llegar\u00e1n nuevos retos, nuevas ilusiones<\/strong><span class=\"Apple-converted-space\">\u00a0<\/span>y nosotros aqu\u00ed estaremos para compartirlas con todos vosotros: nuestros m\u00e1s fieles seguidores.<\/p>\n<p>\u00a1Feliz A\u00f1o Nuevo!<\/p>\n","protected":false},"excerpt":{"rendered":"<p>Miramos el calendario y de nuevo vemos como se acaba diciembre. No se trata simplemente de un mes que se&#8230;<\/p>\n","protected":false},"author":1,"featured_media":1456,"comment_status":"closed","ping_status":"closed","sticky":false,"template":"","format":"standard","meta":{"footnotes":""},"categories":[78],"tags":[29,40],"class_list":["post-1455","post","type-post","status-publish","format-standard","has-post-thumbnail","hentry","category-sin-categoria","tag-metrica6","tag-ness"],"_links":{"self":[{"href":"https:\/\/metrica6.xyz\/es\/wp-json\/wp\/v2\/posts\/1455","targetHints":{"allow":["GET"]}}],"collection":[{"href":"https:\/\/metrica6.xyz\/es\/wp-json\/wp\/v2\/posts"}],"about":[{"href":"https:\/\/metrica6.xyz\/es\/wp-json\/wp\/v2\/types\/post"}],"author":[{"embeddable":true,"href":"https:\/\/metrica6.xyz\/es\/wp-json\/wp\/v2\/users\/1"}],"replies":[{"embeddable":true,"href":"https:\/\/metrica6.xyz\/es\/wp-json\/wp\/v2\/comments?post=1455"}],"version-history":[{"count":1,"href":"https:\/\/metrica6.xyz\/es\/wp-json\/wp\/v2\/posts\/1455\/revisions"}],"predecessor-version":[{"id":7609,"href":"https:\/\/metrica6.xyz\/es\/wp-json\/wp\/v2\/posts\/1455\/revisions\/7609"}],"wp:featuredmedia":[{"embeddable":true,"href":"https:\/\/metrica6.xyz\/es\/wp-json\/wp\/v2\/media\/1456"}],"wp:attachment":[{"href":"https:\/\/metrica6.xyz\/es\/wp-json\/wp\/v2\/media?parent=1455"}],"wp:term":[{"taxonomy":"category","embeddable":true,"href":"https:\/\/metrica6.xyz\/es\/wp-json\/wp\/v2\/categories?post=1455"},{"taxonomy":"post_tag","embeddable":true,"href":"https:\/\/metrica6.xyz\/es\/wp-json\/wp\/v2\/tags?post=1455"}],"curies":[{"name":"wp","href":"https:\/\/api.w.org\/{rel}","templated":true}]}}