{"id":1398,"date":"2016-09-21T10:51:17","date_gmt":"2016-09-21T10:51:17","guid":{"rendered":"http:\/\/metrica6.es\/?p=1398"},"modified":"2023-05-08T13:06:08","modified_gmt":"2023-05-08T11:06:08","slug":"metrica6-participara-en-el-esdforumgranada","status":"publish","type":"post","link":"https:\/\/metrica6.xyz\/es\/metrica6-participara-en-el-esdforumgranada\/","title":{"rendered":"M\u00e9trica6 participar\u00e1 en el ESDForumGranada"},"content":{"rendered":"<p>La ciudad de la Alhambra acoger\u00e1 los d\u00edas 29 y 30 de septiembre, la pr\u00f3xima edici\u00f3n del<span class=\"Apple-converted-space\">\u00a0<\/span><a href=\"http:\/\/esd-forumgranada.com\/\">Foro de Ingenier\u00eda Desarrollo Sostenible Granada (ESDForumGranada<\/a>) en el que estar\u00e1 presente como participante,<span class=\"Apple-converted-space\">\u00a0<\/span><a href=\"http:\/\/www.metrica6.es\/\">M\u00e9trica6<\/a>. El evento est\u00e1 dirigido a investigadores, profesionales del sector privado, organismos p\u00fablicos y sociedad civil interesados en los \u00e1mbitos del desarrollo sostenible, cambio clim\u00e1tico, energ\u00edas renovables, agua, movilidad sostenible, emprendimiento social e instrumentos de financiaci\u00f3n para la sostenibilidad.<\/p>\n<p>Los Objetivos de Desarrollo Sostenible de Naciones Unidas y el programa europeo Horizonte 2020 establecen un marco \u00f3ptimo para la colaboraci\u00f3n del sector p\u00fablico y privado en el logro de soluciones m\u00e1s eficientes hacia un desarrollo sostenible global. Este evento \u00fanico en la regi\u00f3n intentar\u00e1 ser un foro de referencia y de intercambio de conocimiento en el \u00e1mbito del desarrollo sostenible.<\/p>\n<p><strong>M\u00e9trica6 y NESS<\/strong><\/p>\n<p>El CEO de M\u00e9trica6, Eduardo Due\u00f1as ser\u00e1 el encargado de representar a la empresa de ingenier\u00eda con dos intervenciones. La primera ser\u00e1<span class=\"Apple-converted-space\">\u00a0<\/span><strong>el d\u00eda 29 en el bloque \u2018Ponencias y p\u00f3ster\u2019<\/strong><span class=\"Apple-converted-space\">\u00a0<\/span>de 15.20 a 18.15 horas \u2013a\u00fan est\u00e1 sin determinar su turno- con la que ofrecer\u00e1 a los asistentes<span class=\"Apple-converted-space\">\u00a0<\/span><strong>la charla \u2018NESS: Smart solution to water wasting in buildings\u2019<\/strong>. En ella se explicar\u00e1n todas las ventajas del<a href=\"http:\/\/www.nesswater.com\/\"><span class=\"Apple-converted-space\">\u00a0<\/span>dispositivo de ahorro de agua NESS<\/a><span class=\"Apple-converted-space\">\u00a0<\/span>en t\u00e9rminos constructivos, medioambientales y de sostenibilidad, avance tecnol\u00f3gico y bienestar. En<span class=\"Apple-converted-space\">\u00a0<\/span><strong>la jornada del 30 de septiembre<\/strong>, en el bloque de 12.30\u00a0 a 13.45 horas dedicado a<strong><span class=\"Apple-converted-space\">\u00a0<\/span>\u2018Casos de \u00e9xito de empresas startups de impacto y Student Challenge\u2019<\/strong>, Due\u00f1as expondr\u00e1 su experiencia al frente de<span class=\"Apple-converted-space\">\u00a0<\/span><strong>M\u00e9trica6<\/strong><span class=\"Apple-converted-space\">\u00a0<\/span>y los primeros pasos que dio al frente de la empresa. Ambas intervenciones se realizar\u00e1n en la Escuela T\u00e9cnica Superior de Ingenier\u00eda Caminos, Canales y Puertos de Granada.<\/p>\n","protected":false},"excerpt":{"rendered":"<p>La ciudad de la Alhambra acoger\u00e1 los d\u00edas 29 y 30 de septiembre, la pr\u00f3xima edici\u00f3n del\u00a0Foro de Ingenier\u00eda Desarrollo&#8230;<\/p>\n","protected":false},"author":1,"featured_media":1399,"comment_status":"closed","ping_status":"closed","sticky":false,"template":"","format":"standard","meta":{"footnotes":""},"categories":[78],"tags":[38,39,36,28,44,29,40],"class_list":["post-1398","post","type-post","status-publish","format-standard","has-post-thumbnail","hentry","category-sin-categoria","tag-agua","tag-ahorro","tag-empresa","tag-eventos","tag-medioambiente","tag-metrica6","tag-ness"],"_links":{"self":[{"href":"https:\/\/metrica6.xyz\/es\/wp-json\/wp\/v2\/posts\/1398","targetHints":{"allow":["GET"]}}],"collection":[{"href":"https:\/\/metrica6.xyz\/es\/wp-json\/wp\/v2\/posts"}],"about":[{"href":"https:\/\/metrica6.xyz\/es\/wp-json\/wp\/v2\/types\/post"}],"author":[{"embeddable":true,"href":"https:\/\/metrica6.xyz\/es\/wp-json\/wp\/v2\/users\/1"}],"replies":[{"embeddable":true,"href":"https:\/\/metrica6.xyz\/es\/wp-json\/wp\/v2\/comments?post=1398"}],"version-history":[{"count":1,"href":"https:\/\/metrica6.xyz\/es\/wp-json\/wp\/v2\/posts\/1398\/revisions"}],"predecessor-version":[{"id":7612,"href":"https:\/\/metrica6.xyz\/es\/wp-json\/wp\/v2\/posts\/1398\/revisions\/7612"}],"wp:featuredmedia":[{"embeddable":true,"href":"https:\/\/metrica6.xyz\/es\/wp-json\/wp\/v2\/media\/1399"}],"wp:attachment":[{"href":"https:\/\/metrica6.xyz\/es\/wp-json\/wp\/v2\/media?parent=1398"}],"wp:term":[{"taxonomy":"category","embeddable":true,"href":"https:\/\/metrica6.xyz\/es\/wp-json\/wp\/v2\/categories?post=1398"},{"taxonomy":"post_tag","embeddable":true,"href":"https:\/\/metrica6.xyz\/es\/wp-json\/wp\/v2\/tags?post=1398"}],"curies":[{"name":"wp","href":"https:\/\/api.w.org\/{rel}","templated":true}]}}